{"id":2664,"date":"2019-09-30T08:43:21","date_gmt":"2019-09-30T06:43:21","guid":{"rendered":"https:\/\/surysaray.com\/?p=2664"},"modified":"2019-10-02T09:56:02","modified_gmt":"2019-10-02T07:56:02","slug":"gesichtsbehandlungen-mallorca-sommer","status":"publish","type":"post","link":"https:\/\/surysaray.com\/de\/gesichtsbehandlungen-mallorca-sommer\/","title":{"rendered":"Pflegen Sie Ihre Haut nach dem Sommer mit unseren Gesichtsbehandlungen auf Mallroca"},"content":{"rendered":"<p>Wenn wir aus dem Sommerurlaub zur\u00fcckkommen haben wir immer eine Vielzahl von Aufgaben: Abnehmen, mehr Sport treiben, das Haar mit Feuchtigkeit versorgen und auch die beanspruchte Haut zu pflegen. Im Sommer k\u00f6nnen auf der Haut Flecken, kleine Falten und ausgetrocknete Stellen auftreten, bei denen es wichtig ist, sie so schnell wie m\u00f6glich zu behandeln. Deshalb m\u00f6chten wir Ihnen im <span style=\"text-decoration: underline;\"><strong><a href=\"https:\/\/surysaray.com\/de\/\">Kosmetikstudio Sury Saray in Art\u00e0<\/a><\/strong><\/span> die besten <span style=\"text-decoration: underline;\"><strong><a href=\"https:\/\/surysaray.com\/de\/gesichtsbehandlungen-mallorca\/\">Gesichtsbehandlungen auf Mallorca<\/a><\/strong><\/span> vorstellen, damit Ihre Haut nach dem Sommer wie neu aussieht.<\/p>\n<p>&nbsp;<\/p>\n<h2>Gesichtsbehandlungen auf Mallorca mit Sury Saray<\/h2>\n<p>Feuchtigkeit ist grundlegend, um die Elastizit\u00e4t der Haut zu erhalten und sie vor \u00e4u\u00dferen Einfl\u00fcssen zu sch\u00fctzen. Im <strong>Kosmetikstudio Sury Saray in Art\u00e0<\/strong> bieten wir <strong>verschiedene Sch\u00f6nheitsbehandlungen f\u00fcr die Haut<\/strong> an, die das Gewebe durch die zus\u00e4tzliche Versorgung mit Feuchtigkeit wieder verdichten, wodurch vorzeitiger Hautalterung und Faltenbindung entgegengewirkt und ihr ihr Glanz sowie ihre Weichheit zur\u00fcckgegeben wird.<\/p>\n<p>Im Laufe der Zeit und durch W\u00e4rme verliert die Haut an Elastizit\u00e4t und Festigkeit. Im Kosmetikstudio Sury Saray auf Mallorca vertrauen wir auf <strong>verschiedene Behandlungen zur Straffung der Haut \u2013 sowohl von Hand als auch mit Maschinen \u2013<\/strong>, die wir mit der fortschrittlichsten sowie hochwertigsten Nutrikosmetik kombinieren, um das verlorengegangene Kollagen wiederherzustellen.<\/p>\n<p>&nbsp;<\/p>\n<h2><strong>K\u00f6rperbehandlungen auf Mallorca mit Sury Saray<\/strong><\/h2>\n<p>Die <strong>Medestec-Methode<\/strong> ist eine sichere und nicht sch\u00e4dliche Methode zur <strong>Gesichts- und K\u00f6rperbehandlungen<\/strong>, die die Haut auf nat\u00fcrliche Weise revitalisiert, die Festigkeit, die Elastizit\u00e4t sowie den Fettabbau verbessert und wichtige Ver\u00e4nderungen der Hautqualit\u00e4t bewirkt. Dies ist eine <span style=\"text-decoration: underline;\"><strong><a href=\"https:\/\/surysaray.com\/de\/koerperbehandlungen-mallorca\/\">K\u00f6rperbehandlung auf Mallorca<\/a><\/strong><\/span>, die perfekt ist, um nach dem Sommer die Haut zu verbessern.<\/p>\n<p>&nbsp;<\/p>\n<h2><strong>Machen Sie gleich einen Termin in unserem Kosmetikstudio auf Mallorca aus<\/strong><\/h2>\n<p>Wenn Sie mehr wissen wollen oder Beratung zu einer der Behandlungen w\u00fcnschen, dann <strong><span style=\"text-decoration: underline;\"><a href=\"https:\/\/surysaray.com\/de\/kontakt\/\">vereinbaren Sie ganz einfach einen Termin in unserem Kosmetikstudio auf Mallorca <\/a><\/span><\/strong>und wir werden Sie mit allen Informationen versorgen, die Sie ben\u00f6tigen, um Ihre Haut nach dem Sommer bestm\u00f6glich zu pflegen.<\/p>\n","protected":false},"excerpt":{"rendered":"<p>Wenn wir aus dem Sommerurlaub zur\u00fcckkommen haben wir immer eine Vielzahl von Aufgaben: Abnehmen, mehr Sport treiben, das Haar mit Feuchtigkeit versorgen und auch die beanspruchte Haut zu pflegen. Im Sommer k\u00f6nnen auf der Haut Flecken, kleine Falten und ausgetrocknete Stellen auftreten, bei denen es wichtig ist, sie so schnell wie m\u00f6glich zu behandeln. Deshalb [&hellip;]<\/p>\n","protected":false},"author":4,"featured_media":2650,"comment_status":"open","ping_status":"open","sticky":false,"template":"","format":"standard","meta":{"_joinchat":[]},"categories":[10],"tags":[],"yoast_head":"<!-- This site is optimized with the Yoast SEO plugin v20.2.1 - https:\/\/yoast.com\/wordpress\/plugins\/seo\/ -->\n<title>After-Summer Gesichtsbehandlungen auf Mallorca | Sury Saray<\/title>\n<meta name=\"description\" content=\"Wenn sich Ihre Haut nach dem Sommer trocken und stumpf anf\u00fchlt, finden Sie im Kosmetikstudio Sury Saray die richtigen Pflegeprodukte.\" \/>\n<meta name=\"robots\" content=\"index, follow, max-snippet:-1, max-image-preview:large, max-video-preview:-1\" \/>\n<link rel=\"canonical\" href=\"https:\/\/surysaray.com\/gesichtsbehandlungen-mallorca-sommer\/\" \/>\n<meta property=\"og:locale\" content=\"de_DE\" \/>\n<meta property=\"og:type\" content=\"article\" \/>\n<meta property=\"og:title\" content=\"After-Summer Gesichtsbehandlungen auf Mallorca | Sury Saray\" \/>\n<meta property=\"og:description\" content=\"Wenn sich Ihre Haut nach dem Sommer trocken und stumpf anf\u00fchlt, finden Sie im Kosmetikstudio Sury Saray die richtigen Pflegeprodukte.\" \/>\n<meta property=\"og:url\" content=\"https:\/\/surysaray.com\/gesichtsbehandlungen-mallorca-sommer\/\" \/>\n<meta property=\"og:site_name\" content=\"Sury Saray\" \/>\n<meta property=\"article:published_time\" content=\"2019-09-30T06:43:21+00:00\" \/>\n<meta property=\"article:modified_time\" content=\"2019-10-02T07:56:02+00:00\" \/>\n<meta property=\"og:image\" content=\"https:\/\/surysaray.com\/wp-content\/uploads\/2019\/10\/tratamientos-faciales-mallorca-verano.jpg\" \/>\n\t<meta property=\"og:image:width\" content=\"733\" \/>\n\t<meta property=\"og:image:height\" content=\"489\" \/>\n\t<meta property=\"og:image:type\" content=\"image\/jpeg\" \/>\n<meta name=\"author\" content=\"surysaray\" \/>\n<meta name=\"twitter:card\" content=\"summary_large_image\" \/>\n<meta name=\"twitter:label1\" content=\"Verfasst von\" \/>\n\t<meta name=\"twitter:data1\" content=\"surysaray\" \/>\n\t<meta name=\"twitter:label2\" content=\"Gesch\u00e4tzte Lesezeit\" \/>\n\t<meta name=\"twitter:data2\" content=\"2 Minuten\" \/>\n<script type=\"application\/ld+json\" class=\"yoast-schema-graph\">{\"@context\":\"https:\/\/schema.org\",\"@graph\":[{\"@type\":\"WebPage\",\"@id\":\"https:\/\/surysaray.com\/gesichtsbehandlungen-mallorca-sommer\/\",\"url\":\"https:\/\/surysaray.com\/gesichtsbehandlungen-mallorca-sommer\/\",\"name\":\"After-Summer Gesichtsbehandlungen auf Mallorca | Sury Saray\",\"isPartOf\":{\"@id\":\"https:\/\/surysaray.com\/#website\"},\"datePublished\":\"2019-09-30T06:43:21+00:00\",\"dateModified\":\"2019-10-02T07:56:02+00:00\",\"author\":{\"@id\":\"https:\/\/surysaray.com\/#\/schema\/person\/9345f8ce9e22d7c07596a6f2b8e6f5ad\"},\"description\":\"Wenn sich Ihre Haut nach dem Sommer trocken und stumpf anf\u00fchlt, finden Sie im Kosmetikstudio Sury Saray die richtigen Pflegeprodukte.\",\"breadcrumb\":{\"@id\":\"https:\/\/surysaray.com\/gesichtsbehandlungen-mallorca-sommer\/#breadcrumb\"},\"inLanguage\":\"de-DE\",\"potentialAction\":[{\"@type\":\"ReadAction\",\"target\":[\"https:\/\/surysaray.com\/gesichtsbehandlungen-mallorca-sommer\/\"]}]},{\"@type\":\"BreadcrumbList\",\"@id\":\"https:\/\/surysaray.com\/gesichtsbehandlungen-mallorca-sommer\/#breadcrumb\",\"itemListElement\":[{\"@type\":\"ListItem\",\"position\":1,\"name\":\"Portada\",\"item\":\"https:\/\/surysaray.com\/de\/\"},{\"@type\":\"ListItem\",\"position\":2,\"name\":\"Pflegen Sie Ihre Haut nach dem Sommer mit unseren Gesichtsbehandlungen auf Mallroca\"}]},{\"@type\":\"WebSite\",\"@id\":\"https:\/\/surysaray.com\/#website\",\"url\":\"https:\/\/surysaray.com\/\",\"name\":\"Sury Saray\",\"description\":\"\",\"potentialAction\":[{\"@type\":\"SearchAction\",\"target\":{\"@type\":\"EntryPoint\",\"urlTemplate\":\"https:\/\/surysaray.com\/?s={search_term_string}\"},\"query-input\":\"required name=search_term_string\"}],\"inLanguage\":\"de-DE\"},{\"@type\":\"Person\",\"@id\":\"https:\/\/surysaray.com\/#\/schema\/person\/9345f8ce9e22d7c07596a6f2b8e6f5ad\",\"name\":\"surysaray\",\"image\":{\"@type\":\"ImageObject\",\"inLanguage\":\"de-DE\",\"@id\":\"https:\/\/surysaray.com\/#\/schema\/person\/image\/\",\"url\":\"https:\/\/secure.gravatar.com\/avatar\/1fbb7bff77348232f4ee3f4a1bc6e9bd?s=96&d=mm&r=g\",\"contentUrl\":\"https:\/\/secure.gravatar.com\/avatar\/1fbb7bff77348232f4ee3f4a1bc6e9bd?s=96&d=mm&r=g\",\"caption\":\"surysaray\"}}]}<\/script>\n<!-- \/ Yoast SEO plugin. -->","yoast_head_json":{"title":"After-Summer Gesichtsbehandlungen auf Mallorca | Sury Saray","description":"Wenn sich Ihre Haut nach dem Sommer trocken und stumpf anf\u00fchlt, finden Sie im Kosmetikstudio Sury Saray die richtigen Pflegeprodukte.","robots":{"index":"index","follow":"follow","max-snippet":"max-snippet:-1","max-image-preview":"max-image-preview:large","max-video-preview":"max-video-preview:-1"},"canonical":"https:\/\/surysaray.com\/gesichtsbehandlungen-mallorca-sommer\/","og_locale":"de_DE","og_type":"article","og_title":"After-Summer Gesichtsbehandlungen auf Mallorca | Sury Saray","og_description":"Wenn sich Ihre Haut nach dem Sommer trocken und stumpf anf\u00fchlt, finden Sie im Kosmetikstudio Sury Saray die richtigen Pflegeprodukte.","og_url":"https:\/\/surysaray.com\/gesichtsbehandlungen-mallorca-sommer\/","og_site_name":"Sury Saray","article_published_time":"2019-09-30T06:43:21+00:00","article_modified_time":"2019-10-02T07:56:02+00:00","og_image":[{"width":733,"height":489,"url":"https:\/\/surysaray.com\/wp-content\/uploads\/2019\/10\/tratamientos-faciales-mallorca-verano.jpg","type":"image\/jpeg"}],"author":"surysaray","twitter_card":"summary_large_image","twitter_misc":{"Verfasst von":"surysaray","Gesch\u00e4tzte Lesezeit":"2 Minuten"},"schema":{"@context":"https:\/\/schema.org","@graph":[{"@type":"WebPage","@id":"https:\/\/surysaray.com\/gesichtsbehandlungen-mallorca-sommer\/","url":"https:\/\/surysaray.com\/gesichtsbehandlungen-mallorca-sommer\/","name":"After-Summer Gesichtsbehandlungen auf Mallorca | Sury Saray","isPartOf":{"@id":"https:\/\/surysaray.com\/#website"},"datePublished":"2019-09-30T06:43:21+00:00","dateModified":"2019-10-02T07:56:02+00:00","author":{"@id":"https:\/\/surysaray.com\/#\/schema\/person\/9345f8ce9e22d7c07596a6f2b8e6f5ad"},"description":"Wenn sich Ihre Haut nach dem Sommer trocken und stumpf anf\u00fchlt, finden Sie im Kosmetikstudio Sury Saray die richtigen Pflegeprodukte.","breadcrumb":{"@id":"https:\/\/surysaray.com\/gesichtsbehandlungen-mallorca-sommer\/#breadcrumb"},"inLanguage":"de-DE","potentialAction":[{"@type":"ReadAction","target":["https:\/\/surysaray.com\/gesichtsbehandlungen-mallorca-sommer\/"]}]},{"@type":"BreadcrumbList","@id":"https:\/\/surysaray.com\/gesichtsbehandlungen-mallorca-sommer\/#breadcrumb","itemListElement":[{"@type":"ListItem","position":1,"name":"Portada","item":"https:\/\/surysaray.com\/de\/"},{"@type":"ListItem","position":2,"name":"Pflegen Sie Ihre Haut nach dem Sommer mit unseren Gesichtsbehandlungen auf Mallroca"}]},{"@type":"WebSite","@id":"https:\/\/surysaray.com\/#website","url":"https:\/\/surysaray.com\/","name":"Sury Saray","description":"","potentialAction":[{"@type":"SearchAction","target":{"@type":"EntryPoint","urlTemplate":"https:\/\/surysaray.com\/?s={search_term_string}"},"query-input":"required name=search_term_string"}],"inLanguage":"de-DE"},{"@type":"Person","@id":"https:\/\/surysaray.com\/#\/schema\/person\/9345f8ce9e22d7c07596a6f2b8e6f5ad","name":"surysaray","image":{"@type":"ImageObject","inLanguage":"de-DE","@id":"https:\/\/surysaray.com\/#\/schema\/person\/image\/","url":"https:\/\/secure.gravatar.com\/avatar\/1fbb7bff77348232f4ee3f4a1bc6e9bd?s=96&d=mm&r=g","contentUrl":"https:\/\/secure.gravatar.com\/avatar\/1fbb7bff77348232f4ee3f4a1bc6e9bd?s=96&d=mm&r=g","caption":"surysaray"}}]}},"_links":{"self":[{"href":"https:\/\/surysaray.com\/de\/wp-json\/wp\/v2\/posts\/2664"}],"collection":[{"href":"https:\/\/surysaray.com\/de\/wp-json\/wp\/v2\/posts"}],"about":[{"href":"https:\/\/surysaray.com\/de\/wp-json\/wp\/v2\/types\/post"}],"author":[{"embeddable":true,"href":"https:\/\/surysaray.com\/de\/wp-json\/wp\/v2\/users\/4"}],"replies":[{"embeddable":true,"href":"https:\/\/surysaray.com\/de\/wp-json\/wp\/v2\/comments?post=2664"}],"version-history":[{"count":0,"href":"https:\/\/surysaray.com\/de\/wp-json\/wp\/v2\/posts\/2664\/revisions"}],"wp:featuredmedia":[{"embeddable":true,"href":"https:\/\/surysaray.com\/de\/wp-json\/wp\/v2\/media\/2650"}],"wp:attachment":[{"href":"https:\/\/surysaray.com\/de\/wp-json\/wp\/v2\/media?parent=2664"}],"wp:term":[{"taxonomy":"category","embeddable":true,"href":"https:\/\/surysaray.com\/de\/wp-json\/wp\/v2\/categories?post=2664"},{"taxonomy":"post_tag","embeddable":true,"href":"https:\/\/surysaray.com\/de\/wp-json\/wp\/v2\/tags?post=2664"}],"curies":[{"name":"wp","href":"https:\/\/api.w.org\/{rel}","templated":true}]}}